{"id":3822,"date":"2023-02-02T16:00:00","date_gmt":"2023-02-02T16:00:00","guid":{"rendered":"https:\/\/eu4culture.al\/?p=3822"},"modified":"2023-02-09T10:06:10","modified_gmt":"2023-02-09T10:06:10","slug":"ambasadorja-e-be-se-dhe-ministrja-e-kultures-vizitojne-dy-objekte-te-trashegimise-kulturore-pjese-e-programit-eu4culture","status":"publish","type":"post","link":"https:\/\/eu4culture.al\/sq\/ambasadorja-e-be-se-dhe-ministrja-e-kultures-vizitojne-dy-objekte-te-trashegimise-kulturore-pjese-e-programit-eu4culture\/","title":{"rendered":"Ambasadorja e BE-s\u00eb dhe Ministrja e Kultur\u00ebs vizitojn\u00eb dy objekte t\u00eb trash\u00ebgimis\u00eb kulturore pjes\u00eb e programit EU4Culture"},"content":{"rendered":"\n<p>Ambasadorja e BE-s\u00eb n\u00eb Shqip\u00ebri, Christiane Hohmann, Ministrja e Kultur\u00ebs, Elva Margariti, Koordinatorja e P\u00ebrhershme e OKB-s\u00eb, Fiona McCluney dhe Drejtuesja e UNOPS Shqip\u00ebri, Pamela Lama, vizituan s\u00eb bashku Muzeun Historik Komb\u00ebtar&nbsp; dhe Godin\u00ebn e Ish t\u00eb P\u00ebrndjekurve, dy site t\u00eb r\u00ebnd\u00ebsishme t\u00eb trash\u00ebgimis\u00eb kulturore n\u00eb Tiran\u00eb q\u00eb aktualisht po restaurohen n\u00eb kuad\u00ebr t\u00eb programit<a href=\"https:\/\/www.facebook.com\/hashtag\/eu4culture?__eep__=6&amp;__cft__[0]=AZU8aF4wzntPIoCLhxZVPDvF-b4lFs4IwvsJOZSYDY9wgAASO3g7bwmwVNw91SRpggUbp7T5YvnMbvA6Jji9k0bzuJRDCC0gfUIxij-hQuaWwO8fLaV2EBZu1CU0Cm96K7OtBIiIX5TfRCsclPn05wnujENZc2WIi6h9cFf5IMFCvAtfeUHR45GxMZotbPtF2s9j0KceVnVuFsPOCssgvMn0&amp;__tn__=*NK-R\"> #EU4Culture<\/a>.<\/p>\n\n\n\n<p>Specialist\u00eb t\u00eb EU4Culture informuan vizitor\u00ebt p\u00ebr historin\u00eb e k\u00ebtyre objekteve si dhe p\u00ebr punimet e vazhdueshme t\u00eb konservimit.&nbsp;<\/p>\n\n\n\n<p><\/p>\n\n\n\n<figure class=\"wp-block-image size-large\"><img loading=\"lazy\" decoding=\"async\" width=\"1024\" height=\"683\" src=\"https:\/\/eu4culture.al\/wp-content\/uploads\/2023\/02\/1R4A3898-2-1024x683.jpg\" alt=\"\" class=\"wp-image-3823\" srcset=\"https:\/\/eu4culture.al\/wp-content\/uploads\/2023\/02\/1R4A3898-2-1024x683.jpg 1024w, https:\/\/eu4culture.al\/wp-content\/uploads\/2023\/02\/1R4A3898-2-300x200.jpg 300w, https:\/\/eu4culture.al\/wp-content\/uploads\/2023\/02\/1R4A3898-2-768x512.jpg 768w, https:\/\/eu4culture.al\/wp-content\/uploads\/2023\/02\/1R4A3898-2-1536x1024.jpg 1536w, https:\/\/eu4culture.al\/wp-content\/uploads\/2023\/02\/1R4A3898-2-2048x1365.jpg 2048w\" sizes=\"auto, (max-width: 1024px) 100vw, 1024px\" \/><\/figure>\n\n\n\n<p><\/p>\n\n\n\n<p>Restaurimi \u00ebsht\u00eb drejt faz\u00ebs p\u00ebrfundimtare n\u00eb Mozaikun e fasad\u00ebs s\u00eb Muzeut Historik Komb\u00ebtar dhe kjo vep\u00ebr ikonike artistike do t\u00eb zbulohet s\u00eb shpejti p\u00ebr publikun.&nbsp;<\/p>\n\n\n\n<p><strong>Mozaiku i Fasad\u00ebs s\u00eb Muzeut Historik Komb\u00ebtar&nbsp;&nbsp;&nbsp;<\/strong><\/p>\n\n\n\n<p>Mozaiku ikon\u00eb i fasad\u00ebs s\u00eb Muzeut Historik Komb\u00ebtar p\u00ebrfaq\u00ebson nj\u00eb nga shembujt m\u00eb t\u00eb mir\u00eb t\u00eb realizmit socialist shqiptar. I realizuar n\u00eb vitin 1981, ai pasqyron momente t\u00eb r\u00ebnd\u00ebsishme n\u00eb shtegun historik t\u00eb vendit duke filluar nga antikiteti deri n\u00eb epok\u00ebn komuniste. Me nj\u00eb sip\u00ebrfaqe totale prej 565 m2, mozaiku p\u00ebrfaq\u00ebson nj\u00eb nga nd\u00ebrhyrjet m\u00eb komplekse. Krijimi dhe zbatimi i tij p\u00ebrfshiu artist\u00ebt m\u00eb t\u00eb talentuar dhe t\u00eb njohur t\u00eb koh\u00ebs si Vilson Kilica, Josif Droboniku, Agim Nebiu, Anastas Kostandini, Aleksand\u00ebr Filipi.&nbsp;<\/p>\n\n\n\n<p>Muzeu Historik Komb\u00ebtar ishte nj\u00eb nga objektet e shumta historike n\u00eb Tiran\u00eb dhe zonat p\u00ebrreth, t\u00eb d\u00ebmtuara nga t\u00ebrmeti i vitit 2019 n\u00eb Shqip\u00ebri.&nbsp;<\/p>\n\n\n\n<p>Nd\u00ebrhyrja ne Muze po zhvillohet n\u00eb dy faza:<\/p>\n\n\n\n<ol class=\"wp-block-list\">\n<li>Restaurimi i mozaikut dhe \u00e7atis\u00eb (p\u00ebr t\u00eb shmangur rrjedhjet dhe d\u00ebmtimin e m\u00ebtejsh\u00ebm t\u00eb tij)<\/li>\n\n\n\n<li>Zhvillimi i nj\u00eb projektit-dizajni t\u00eb ri p\u00ebr t\u00eb gjith\u00eb Muzeun dhe rinovimi i plot\u00eb i disa pavioneve<\/li>\n<\/ol>\n\n\n\n<p>P\u00ebr t\u00eb siguruar rezultate sa m\u00eb t\u00eb mira t\u00eb konservimit, para fillimit t\u00eb punimeve, EU4Culture bashk\u00ebpunoi me tre artist\u00eb dhe disa an\u00ebtar\u00eb t\u00eb ekipit t\u00eb zbatimit q\u00eb kan\u00eb punuar p\u00ebr Mozaikun origjinal n\u00eb vitet 1980. Ata u ftuan p\u00ebr konsultime p\u00ebr t\u00eb gjetur qasjen m\u00eb t\u00eb mir\u00eb ndaj ruajtjes, duke marr\u00eb parasysh teknikat origjinale, materialet e p\u00ebrdorura dyzet vjet m\u00eb par\u00eb dhe zhvillimet aktuale teknologjike t\u00eb ruajtjes dhe restaurimit.<\/p>\n\n\n\n<p><strong>Godina e Ish t\u00eb P\u00ebrndjekurve<\/strong><\/p>\n\n\n\n<p>Godina e Ish t\u00eb P\u00ebrndjekurve u nd\u00ebrtua n\u00eb vitet 1930 dhe fillimisht ka sh\u00ebrbyer si selia e Ambasad\u00ebs Italiane. N\u00eb vitet 1940 nd\u00ebrtesa u zgjerua p\u00ebr t\u00eb pritur Shtabin e Veteran\u00ebve t\u00eb Luft\u00ebs dhe nj\u00eb num\u00ebr shoqatash nd\u00ebrkomb\u00ebtare miq\u00ebsie me vende t\u00eb ndryshme. N\u00eb vitin 2007 godina mori statusin e mbrojtjes &#8220;Monument Kulture i Kategoris\u00eb s\u00eb Dyt\u00eb&#8221; dhe aktualisht u sh\u00ebrben dy institucioneve t\u00eb r\u00ebnd\u00ebsishme, Institututit t\u00eb Ish-t\u00eb P\u00ebrndjekurve Politik\u00eb dhe Institutit t\u00eb Studimeve p\u00ebr Krimet dhe Pasojat e Komunizmit. Nd\u00ebrtesa u d\u00ebmtua gjat\u00eb t\u00ebrmetit t\u00eb vitit 2019 dhe EU4Culture po kryen punime t\u00ebr\u00ebsore p\u00ebr restaurimin dhe p\u00ebrmir\u00ebsimin e infrastruktur\u00ebs s\u00eb saj.&nbsp;<\/p>\n","protected":false},"excerpt":{"rendered":"<p>Ambasadorja e BE-s\u00eb n\u00eb Shqip\u00ebri, Christiane Hohmann, Ministrja e Kultur\u00ebs, Elva Margariti, Koordinatorja e P\u00ebrhershme e OKB-s\u00eb, Fiona McCluney dhe Drejtuesja e UNOPS Shqip\u00ebri, Pamela Lama, vizituan s\u00eb bashku Muzeun Historik Komb\u00ebtar&nbsp; dhe Godin\u00ebn e Ish t\u00eb P\u00ebrndjekurve, dy site t\u00eb r\u00ebnd\u00ebsishme t\u00eb trash\u00ebgimis\u00eb kulturore n\u00eb Tiran\u00eb q\u00eb aktualisht po restaurohen n\u00eb kuad\u00ebr t\u00eb programit [&hellip;]<\/p>\n","protected":false},"author":1,"featured_media":3813,"comment_status":"open","ping_status":"closed","sticky":false,"template":"","format":"standard","meta":{"_acf_changed":false,"om_disable_all_campaigns":false,"_monsterinsights_skip_tracking":false,"_monsterinsights_sitenote_active":false,"_monsterinsights_sitenote_note":"","_monsterinsights_sitenote_category":0,"_uf_show_specific_survey":0,"_uf_disable_surveys":false,"footnotes":""},"categories":[16,24,17],"tags":[],"class_list":["post-3822","post","type-post","status-publish","format-standard","has-post-thumbnail","hentry","category-events-sq","category-news-sq","category-press-sq"],"acf":[],"aioseo_notices":[],"_links":{"self":[{"href":"https:\/\/eu4culture.al\/sq\/wp-json\/wp\/v2\/posts\/3822","targetHints":{"allow":["GET"]}}],"collection":[{"href":"https:\/\/eu4culture.al\/sq\/wp-json\/wp\/v2\/posts"}],"about":[{"href":"https:\/\/eu4culture.al\/sq\/wp-json\/wp\/v2\/types\/post"}],"author":[{"embeddable":true,"href":"https:\/\/eu4culture.al\/sq\/wp-json\/wp\/v2\/users\/1"}],"replies":[{"embeddable":true,"href":"https:\/\/eu4culture.al\/sq\/wp-json\/wp\/v2\/comments?post=3822"}],"version-history":[{"count":2,"href":"https:\/\/eu4culture.al\/sq\/wp-json\/wp\/v2\/posts\/3822\/revisions"}],"predecessor-version":[{"id":3828,"href":"https:\/\/eu4culture.al\/sq\/wp-json\/wp\/v2\/posts\/3822\/revisions\/3828"}],"wp:featuredmedia":[{"embeddable":true,"href":"https:\/\/eu4culture.al\/sq\/wp-json\/wp\/v2\/media\/3813"}],"wp:attachment":[{"href":"https:\/\/eu4culture.al\/sq\/wp-json\/wp\/v2\/media?parent=3822"}],"wp:term":[{"taxonomy":"category","embeddable":true,"href":"https:\/\/eu4culture.al\/sq\/wp-json\/wp\/v2\/categories?post=3822"},{"taxonomy":"post_tag","embeddable":true,"href":"https:\/\/eu4culture.al\/sq\/wp-json\/wp\/v2\/tags?post=3822"}],"curies":[{"name":"wp","href":"https:\/\/api.w.org\/{rel}","templated":true}]}}