{"id":2677,"date":"2022-05-30T07:13:21","date_gmt":"2022-05-30T07:13:21","guid":{"rendered":"https:\/\/eu4culture.al\/unique-rodon-church-opens-its-doors-after-renovation\/"},"modified":"2022-05-30T07:24:50","modified_gmt":"2022-05-30T07:24:50","slug":"unique-rodon-church-opens-its-doors-after-renovation","status":"publish","type":"post","link":"https:\/\/eu4culture.al\/sq\/unique-rodon-church-opens-its-doors-after-renovation\/","title":{"rendered":"27 Maj 2022 &#8211; Kisha unike e Rodonit hap dyert pas restaurimit"},"content":{"rendered":"\n<p>Ceremonia e inaugurimit t\u00eb kish\u00ebs s\u00eb Shna Ndout n\u00eb Kepin e Rodonit p\u00ebruroi p\u00ebrfundimin e punimeve t\u00eb restaurimit t\u00eb kryera n\u00eb fillim t\u00eb k\u00ebtij viti. Kisha u d\u00ebmtua nga t\u00ebrmeti i vitit 2019 dhe u restaurua n\u00eb kuad\u00ebr t\u00eb programit EU4Culture t\u00eb financuar nga Bashkimi Evropian, zbatuar nga UNOPS n\u00eb bashk\u00ebpunim t\u00eb ngusht\u00eb me Ministrin\u00eb e Kultur\u00ebs.<\/p>\n\n\n\n<p>Kisha e Shna Ndout \u00ebsht\u00eb nj\u00eb nga pak shembujt e mbijetuar t\u00eb nj\u00eb sinteze t\u00eb stileve arkitekturore rajonale dhe bizantine. Kisha d\u00ebshmon nj\u00eb histori t\u00eb gjat\u00eb dhe s\u00eb bashku me zonat natyrore dhe vij\u00ebn bregdetare, ky sit i trash\u00ebgimis\u00eb kulturore ka nj\u00eb potencial t\u00eb madh n\u00eb zhvillimin ekonomik lokal.<\/p>\n\n\n\n<p>Nd\u00ebrhyrjet konservuese u fokusuan n\u00eb riparimin dhe konsolidimin e muratur\u00ebs, instalimeve elektrike dhe sistemit t\u00eb kullimit rreth kish\u00ebs. Punimet konservuese jan\u00eb duke u zhvilluar n\u00eb shtat\u00eb asete t\u00eb trash\u00ebgimis\u00eb kulturore n\u00eb t\u00eb gjith\u00eb Shqip\u00ebrin\u00eb, nd\u00ebrsa n\u00ebnt\u00eb t\u00eb tjera jan\u00eb planifikuar t\u00eb fillojn\u00eb k\u00ebt\u00eb vit. Midis tyre muzet\u00eb Etnografik\u00eb n\u00eb Kruj\u00eb dhe Kavaj\u00eb, Torra Veneciane n\u00eb Durr\u00ebs, Kalaja e Bashtov\u00ebs dhe Ish-Arqipeshkvia n\u00eb Delbnisht. N\u00eb Dhjetor t\u00eb vitit 2021 kan\u00eb p\u00ebrfunduar punimet e restaurimit n\u00eb kish\u00ebn e Manastirit t\u00eb Rubikut.<\/p>\n\n\n\n<p>N\u00eb ceremonin\u00eb e inaugurimit mor\u00ebn pjes\u00eb Elva Margariti, Ministre e Kultur\u00ebs s\u00eb Shqip\u00ebris\u00eb, Alexis Hupin, i Ngarkuari me Pun\u00eb i Delegacionit t\u00eb BE-s\u00eb n\u00eb Shqip\u00ebri, Ambasadori i Gjermanis\u00eb Peter Zingraf, p\u00ebrfaq\u00ebsuesi i kish\u00ebs, frat Landi Jaku dhe Pamela Lama, Drejtuese e UNOPS n\u00eb Shqip\u00ebri. M\u00eb pas u mbajt nj\u00eb koncert nga k\u00ebng\u00ebtarja shqiptare e Oper\u00ebs, Marjana Leka dhe pianistja Laura Lila.<\/p>\n\n\n\n<p>\u201cJemi t\u00eb lumtur t\u00eb festojm\u00eb p\u00ebrurimin e k\u00ebsaj kishe e cila lidh s\u00eb bashku t\u00eb shenjt\u00ebn, legjend\u00ebn dhe komunitetin n\u00ebn nj\u00eb em\u00ebrues t\u00eb p\u00ebrbashk\u00ebt, kultur\u00ebn. Puna q\u00eb po festojm\u00eb sot ka qen\u00eb shum\u00eb delikate dhe ka b\u00ebr\u00eb bashk\u00eb inxhinier\u00eb, historian\u00eb,&nbsp; skuadr\u00ebn e&nbsp; t\u00eb Ministris\u00eb s\u00eb Kultur\u00ebs dhe UNOPS-it dhe shum\u00eb ekspert\u00eb. Ky ka qen\u00eb jo vet\u00ebm nj\u00eb restaurim, por edhe nj\u00eb rivitalizim, ai ka shkuar me filozofin\u00eb ton\u00eb t\u00eb p\u00ebrbashk\u00ebt t\u00eb pas t\u00ebrmetit \u2018Build Back Better\u2019 \u201d, theksoi Elva Margariti, Ministre e Kultur\u00ebs s\u00eb Shqip\u00ebris\u00eb.<\/p>\n\n\n\n<p>&#8220;Kisha e Sh\u00ebn Ndout \u00ebsht\u00eb vet\u00ebm nj\u00eb nga shum\u00eb monumente kulturore t\u00eb paz\u00ebvend\u00ebsueshme t\u00eb Shqip\u00ebris\u00eb q\u00eb BE-ja po ndihmon n\u00eb restaurim dhe rivitalizmin n\u00eb kuad\u00ebr t\u00eb programit EU4Culture, n\u00eb m\u00ebnyr\u00eb q\u00eb t\u00eb stimuloj\u00eb zhvillimin ekonomik lokal. EU4Culture \u00ebsht\u00eb programi m\u00eb i madh dhe m\u00eb ambicioz i trash\u00ebgimis\u00eb kulturore i nd\u00ebrmarr\u00eb ndonj\u00ebher\u00eb nga BE-ja n\u00eb Ballkanin Per\u00ebndimor dhe kjo tregon solidaritetin dhe prioritetin e madh q\u00eb BE dhe Ekipi i Evrop\u00ebs i jep Shqip\u00ebris\u00eb \u201d, n\u00ebnvizoi Alexis Hupin, i Ngarkuari me Pun\u00eb i Delegacionit t\u00eb BE-s\u00eb n\u00eb Shqip\u00ebri.<\/p>\n\n\n\n<p>\u201cMendoj se ky \u00ebsht\u00eb nj\u00eb shembull shum\u00eb i mir\u00eb i p\u00ebrdorimit t\u00eb fondeve p\u00ebr t\u00eb ruajtur monumentet e kultur\u00ebs dhe traditat aq m\u00eb tep\u00ebr kur kjo vjen nga rreziqe t\u00eb ndryshme.<\/p>\n\n\n\n<p>Me duhet t\u00eb them q\u00eb jam shum\u00eb krenar p\u00ebr pun\u00ebn q\u00eb \u00ebsht\u00eb b\u00ebr\u00eb rreth 20 vjet m\u00eb par\u00eb. Nuk e di n\u00ebse mund t\u00eb flas p\u00ebr Bashkimin Evropian, por mund t\u00eb flas p\u00ebr Skuadr\u00ebn Evrop\u00eb. K\u00ebshtu q\u00eb un\u00eb mund t\u00eb p\u00ebrs\u00ebris vet\u00ebm &#8216;Evropa \u00ebsht\u00eb k\u00ebtu&#8217;, dhe kjo do t\u00eb thot\u00eb se ky bashk\u00ebpunim shum\u00ebvje\u00e7ar dhe ky projekt q\u00eb e restauroi kish\u00ebn, q\u00eb e b\u00ebri p\u00ebrs\u00ebri t\u00eb bukur \u00ebsht\u00eb nj\u00eb shembull i mir\u00eb i koordinimit dhe bashk\u00ebpunimit q\u00eb kemi s\u00eb bashku k\u00ebtu,&nbsp; n\u00eb Shqip\u00ebri vendin ton\u00eb partner \u201d vuri n\u00eb dukje Peter Zingraf, ambasador i Gjermanis\u00eb n\u00eb Shqip\u00ebri.<\/p>\n\n\n\n<p>\u201cP\u00ebr UNOPS-in \u00ebsht\u00eb nj\u00eb nder i madh t\u00eb qenit nj\u00eb partner i besuar i Bashkimit Evropian dhe i Qeveris\u00eb Shqip\u00ebtare n\u00eb zbatimin e nj\u00eb nisme kaq t\u00eb r\u00ebnd\u00ebsishme. N\u00eb koordinim me Ministrin\u00eb e Kultur\u00ebs dhe BE-n\u00eb, aktualisht po kryejm\u00eb punime konservimi n\u00eb shtat\u00eb asete t\u00eb trash\u00ebgimis\u00eb kulturore si dhe do t\u00eb fillojm\u00eb punimet, do t\u00eb finalizojm\u00eb prokurimet apo proceset e projektimit n\u00eb n\u00ebnt\u00eb site t\u00eb tjera n\u00eb nj\u00eb t\u00eb ardhme t\u00eb af\u00ebrt\u201d, theksoi Pamela Lama,&nbsp; Drejtuese e zyr\u00ebs s\u00eb UNOPS n\u00eb Shqip\u00ebri.<\/p>\n","protected":false},"excerpt":{"rendered":"<p>Ceremonia e inaugurimit t\u00eb kish\u00ebs s\u00eb Shna Ndout n\u00eb Kepin e Rodonit p\u00ebruroi p\u00ebrfundimin e punimeve t\u00eb restaurimit t\u00eb kryera n\u00eb fillim t\u00eb k\u00ebtij viti. Kisha u d\u00ebmtua nga t\u00ebrmeti i vitit 2019 dhe u restaurua n\u00eb kuad\u00ebr t\u00eb programit EU4Culture t\u00eb financuar nga Bashkimi Evropian, zbatuar nga UNOPS n\u00eb bashk\u00ebpunim t\u00eb ngusht\u00eb me Ministrin\u00eb [&hellip;]<\/p>\n","protected":false},"author":1,"featured_media":2685,"comment_status":"open","ping_status":"closed","sticky":false,"template":"","format":"standard","meta":{"_acf_changed":false,"om_disable_all_campaigns":false,"_monsterinsights_skip_tracking":false,"_monsterinsights_sitenote_active":false,"_monsterinsights_sitenote_note":"","_monsterinsights_sitenote_category":0,"_uf_show_specific_survey":0,"_uf_disable_surveys":false,"footnotes":""},"categories":[16],"tags":[],"class_list":["post-2677","post","type-post","status-publish","format-standard","has-post-thumbnail","hentry","category-events-sq"],"acf":[],"aioseo_notices":[],"_links":{"self":[{"href":"https:\/\/eu4culture.al\/sq\/wp-json\/wp\/v2\/posts\/2677","targetHints":{"allow":["GET"]}}],"collection":[{"href":"https:\/\/eu4culture.al\/sq\/wp-json\/wp\/v2\/posts"}],"about":[{"href":"https:\/\/eu4culture.al\/sq\/wp-json\/wp\/v2\/types\/post"}],"author":[{"embeddable":true,"href":"https:\/\/eu4culture.al\/sq\/wp-json\/wp\/v2\/users\/1"}],"replies":[{"embeddable":true,"href":"https:\/\/eu4culture.al\/sq\/wp-json\/wp\/v2\/comments?post=2677"}],"version-history":[{"count":1,"href":"https:\/\/eu4culture.al\/sq\/wp-json\/wp\/v2\/posts\/2677\/revisions"}],"predecessor-version":[{"id":2683,"href":"https:\/\/eu4culture.al\/sq\/wp-json\/wp\/v2\/posts\/2677\/revisions\/2683"}],"wp:featuredmedia":[{"embeddable":true,"href":"https:\/\/eu4culture.al\/sq\/wp-json\/wp\/v2\/media\/2685"}],"wp:attachment":[{"href":"https:\/\/eu4culture.al\/sq\/wp-json\/wp\/v2\/media?parent=2677"}],"wp:term":[{"taxonomy":"category","embeddable":true,"href":"https:\/\/eu4culture.al\/sq\/wp-json\/wp\/v2\/categories?post=2677"},{"taxonomy":"post_tag","embeddable":true,"href":"https:\/\/eu4culture.al\/sq\/wp-json\/wp\/v2\/tags?post=2677"}],"curies":[{"name":"wp","href":"https:\/\/api.w.org\/{rel}","templated":true}]}}